{"id":448,"date":"2024-09-30T12:28:45","date_gmt":"2024-09-30T10:28:45","guid":{"rendered":"https:\/\/www.charlotte-ehrt.de\/?p=448"},"modified":"2026-04-20T12:54:59","modified_gmt":"2026-04-20T10:54:59","slug":"objekt-und-installation","status":"publish","type":"post","link":"https:\/\/www.charlotte-ehrt.de\/de_DE\/objekt-und-installation\/","title":{"rendered":"Objekt und Raum"},"content":{"rendered":"<p><strong>Gespr\u00e4che \u00fcber B\u00e4ume<\/strong><\/p>\n<p><span style=\"color: #000000;\"><span style=\"font-family: Times New Roman, serif;\"><span style=\"font-size: medium;\"><span style=\"font-family: EB Garamond, serif;\"><span lang=\"de-DE\">Diplom Kunstp\u00e4dagogik, Mentor*innen : Prof. Stella Geppert, Charlotte Silbermann, Sarah Kaiser<\/span><\/span><\/span><\/span><\/span><\/p>\n\n<style>#jtg-507 .modula-item .jtg-social a, .lightbox-socials.jtg-social a{ fill: #ffffff; color: #ffffff }#jtg-507 .modula-item .jtg-social-mobile a{ fill: #ffffff; color: #ffffff }#jtg-507 .modula-item .jtg-social svg, .lightbox-socials.jtg-social svg { height: 16px; width: 16px }#jtg-507 .modula-item .jtg-social-mobile svg { height: 16px; width: 16px }#jtg-507 .modula-item .jtg-social a:not(:last-child), .lightbox-socials.jtg-social a:not(:last-child) { margin-right: 10px }#jtg-507 .modula-item .jtg-social-mobile .jtg-social-mobile-icons a:not(:last-child){ margin-right: 10px }#jtg-507 .modula-item .figc {color:#000000;}#jtg-507 .modula-item .figc .jtg-title {  font-size: 16px; }#jtg-507 .modula-item .modula-item-content { transform: scale(1) }#jtg-507 .modula-items .figc p.description { font-size:14px; }#jtg-507 .modula-items .figc p.description { color:#000000;}#jtg-507.modula-gallery .modula-item > a, #jtg-507.modula-gallery .modula-item, #jtg-507.modula-gallery .modula-item-content > a:not(.modula-no-follow) { cursor:zoom-in; } #jtg-507.modula-gallery .modula-item-content .modula-no-follow { cursor: default; } @media screen and (max-width:480px){#jtg-507 .modula-item .figc .jtg-title {  font-size: 12px; }#jtg-507 .modula-items .figc p.description { color:#000000;font-size:10px; }}<\/style>\n<!-- Gallery Container -->\n<div  id=\"jtg-507\" class=\"modula modula-gallery modula-custom-grid\" data-config=\"{&quot;height&quot;:800,&quot;tabletHeight&quot;:800,&quot;mobileHeight&quot;:800,&quot;desktopHeight&quot;:800,&quot;enableTwitter&quot;:false,&quot;enableWhatsapp&quot;:false,&quot;enableFacebook&quot;:false,&quot;enablePinterest&quot;:false,&quot;enableLinkedin&quot;:false,&quot;enableEmail&quot;:false,&quot;randomFactor&quot;:0.5,&quot;type&quot;:&quot;custom-grid&quot;,&quot;columns&quot;:12,&quot;gutter&quot;:10,&quot;mobileGutter&quot;:10,&quot;tabletGutter&quot;:10,&quot;desktopGutter&quot;:10,&quot;enableResponsive&quot;:&quot;0&quot;,&quot;tabletColumns&quot;:2,&quot;mobileColumns&quot;:1,&quot;lazyLoad&quot;:true,&quot;lightboxOpts&quot;:{&quot;animated&quot;:true,&quot;Thumbs&quot;:{&quot;type&quot;:&quot;modern&quot;,&quot;showOnStart&quot;:false},&quot;Toolbar&quot;:{&quot;display&quot;:{&quot;right&quot;:[&quot;close&quot;]},&quot;enabled&quot;:true},&quot;Carousel&quot;:{&quot;Panzoom&quot;:{&quot;touch&quot;:false},&quot;infinite&quot;:false},&quot;keyboard&quot;:{&quot;Escape&quot;:&quot;close&quot;,&quot;Delete&quot;:&quot;close&quot;,&quot;Backspace&quot;:&quot;close&quot;,&quot;PageUp&quot;:false,&quot;PageDown&quot;:false,&quot;ArrowUp&quot;:false,&quot;ArrowDown&quot;:false,&quot;ArrowRight&quot;:false,&quot;ArrowLeft&quot;:false},&quot;touch&quot;:false,&quot;backdropClick&quot;:false,&quot;l10n&quot;:{&quot;CLOSE&quot;:&quot;Close&quot;,&quot;NEXT&quot;:&quot;Next&quot;,&quot;PREV&quot;:&quot;Previous&quot;,&quot;Error&quot;:&quot;The requested content cannot be loaded. Please try again later.&quot;,&quot;PLAY_START&quot;:&quot;Start slideshow&quot;,&quot;PLAY_STOP&quot;:&quot;Pause slideshow&quot;,&quot;FULL_SCREEN&quot;:&quot;Full screen&quot;,&quot;THUMBS&quot;:&quot;Thumbnails&quot;,&quot;DOWNLOAD&quot;:&quot;Download&quot;,&quot;SHARE&quot;:&quot;Share&quot;,&quot;ZOOM&quot;:&quot;Zoom&quot;,&quot;EMAIL&quot;:&quot;Here is the link to the image : %%image_link%% and this is the link to the gallery : %%gallery_link%%&quot;,&quot;MODAL&quot;:&quot;You can close this modal content with the ESC key&quot;,&quot;ERROR&quot;:&quot;Something Went Wrong, Please Try Again Later&quot;,&quot;IMAGE_ERROR&quot;:&quot;Image Not Found&quot;,&quot;ELEMENT_NOT_FOUND&quot;:&quot;HTML Element Not Found&quot;,&quot;AJAX_NOT_FOUND&quot;:&quot;Error Loading AJAX : Not Found&quot;,&quot;AJAX_FORBIDDEN&quot;:&quot;Error Loading AJAX : Forbidden&quot;,&quot;IFRAME_ERROR&quot;:&quot;Error Loading Page&quot;,&quot;TOGGLE_ZOOM&quot;:&quot;Toggle zoom level&quot;,&quot;TOGGLE_THUMBS&quot;:&quot;Toggle thumbnails&quot;,&quot;TOGGLE_SLIDESHOW&quot;:&quot;Toggle slideshow&quot;,&quot;TOGGLE_FULLSCREEN&quot;:&quot;Toggle full-screen mode&quot;},&quot;Images&quot;:{&quot;Panzoom&quot;:{&quot;maxScale&quot;:2}},&quot;mainClass&quot;:&quot;modula-fancybox-container modula-lightbox-jtg-507&quot;,&quot;Html&quot;:{&quot;videoAutoplay&quot;:0,&quot;videoTpl&quot;:&quot;&lt;video class=\\&quot;fancybox__html5video\\&quot; controls muted playsinline controlsList controlsList=\\&quot;nodownload\\&quot; poster=\\&quot;{{poster}}\\&quot; src=\\&quot;{{src}}\\&quot; type=\\&quot;{{format}}\\&quot; &gt;  Sorry, your browser doesn&#039;t support embedded videos, &lt;a href=\\&quot;{{src}}\\&quot;&gt; download &lt;\\\/a&gt; and watch with your favorite video player! &lt;\\\/video&gt;&quot;}},&quot;inView&quot;:false,&quot;email_subject&quot;:&quot;Check out this awesome image !!&quot;,&quot;email_message&quot;:&quot;Here is the link to the image : %%image_link%% and this is the link to the gallery : %%gallery_link%%&quot;,&quot;lightbox&quot;:&quot;fancybox&quot;}\">\n\n\t\n\t<!-- Items Container -->\n\t<div  class=\"modula-items\">\n\t\t<div class=\"modula-item effect-pufrobo\" data-width=\"7\" data-height=\"4\" >\n\t<div class=\"modula-item-overlay\"><\/div>\n\n\t<div class=\"modula-item-content\">\n\n\t\t\t\t\n\t\t\t\t\t<a data-image-id=\"486\" tabindex=\"0\" rel=\"jtg-507\" data-caption=\"Werkgruppe Baumh\u00e4ute\nFoto: Matthias Behne\" aria-label=\"Open image in lightbox\" role=\"button\" class=\"tile-inner modula-item-link\"><\/a>\n\t\t\n\t\t<img class=\"pic wp-image-486 lazyload\"  data-valign=\"middle\" data-halign=\"center\" alt=\"\" data-full=\"https:\/\/www.charlotte-ehrt.de\/wp-content\/uploads\/2025\/01\/Ehrt_Charlotte_Gespraeche-ueber-Baeume_behne_lautwieleise_72dpi_352.jpg\" title=\"Ehrt_Charlotte_Gespraeche ueber Baeume_behne_lautwieleise_72dpi_352\" width=\"300\" height=\"200\" data-src=\"https:\/\/www.charlotte-ehrt.de\/wp-content\/uploads\/2025\/01\/Ehrt_Charlotte_Gespraeche-ueber-Baeume_behne_lautwieleise_72dpi_352-300x200.jpg\" data-caption=\"Werkgruppe Baumh\u00e4ute\nFoto: Matthias Behne\" data-source=\"modula\" data-srcset=\"https:\/\/www.charlotte-ehrt.de\/wp-content\/uploads\/2025\/01\/Ehrt_Charlotte_Gespraeche-ueber-Baeume_behne_lautwieleise_72dpi_352.jpg 1966w, https:\/\/www.charlotte-ehrt.de\/wp-content\/uploads\/2025\/01\/Ehrt_Charlotte_Gespraeche-ueber-Baeume_behne_lautwieleise_72dpi_352-300x200.jpg 300w, https:\/\/www.charlotte-ehrt.de\/wp-content\/uploads\/2025\/01\/Ehrt_Charlotte_Gespraeche-ueber-Baeume_behne_lautwieleise_72dpi_352-1024x683.jpg 1024w, https:\/\/www.charlotte-ehrt.de\/wp-content\/uploads\/2025\/01\/Ehrt_Charlotte_Gespraeche-ueber-Baeume_behne_lautwieleise_72dpi_352-768x512.jpg 768w, https:\/\/www.charlotte-ehrt.de\/wp-content\/uploads\/2025\/01\/Ehrt_Charlotte_Gespraeche-ueber-Baeume_behne_lautwieleise_72dpi_352-1536x1024.jpg 1536w, https:\/\/www.charlotte-ehrt.de\/wp-content\/uploads\/2025\/01\/Ehrt_Charlotte_Gespraeche-ueber-Baeume_behne_lautwieleise_72dpi_352-144x96.jpg 144w\" data-sizes=\"(max-width: 300px) 100vw, 300px\" srcset=\"https:\/\/www.charlotte-ehrt.de\/wp-content\/uploads\/2025\/01\/Ehrt_Charlotte_Gespraeche-ueber-Baeume_behne_lautwieleise_72dpi_352-300x200.jpg 300w, https:\/\/www.charlotte-ehrt.de\/wp-content\/uploads\/2025\/01\/Ehrt_Charlotte_Gespraeche-ueber-Baeume_behne_lautwieleise_72dpi_352-1024x683.jpg 1024w, https:\/\/www.charlotte-ehrt.de\/wp-content\/uploads\/2025\/01\/Ehrt_Charlotte_Gespraeche-ueber-Baeume_behne_lautwieleise_72dpi_352-768x512.jpg 768w, https:\/\/www.charlotte-ehrt.de\/wp-content\/uploads\/2025\/01\/Ehrt_Charlotte_Gespraeche-ueber-Baeume_behne_lautwieleise_72dpi_352-1536x1024.jpg 1536w, https:\/\/www.charlotte-ehrt.de\/wp-content\/uploads\/2025\/01\/Ehrt_Charlotte_Gespraeche-ueber-Baeume_behne_lautwieleise_72dpi_352-144x96.jpg 144w, https:\/\/www.charlotte-ehrt.de\/wp-content\/uploads\/2025\/01\/Ehrt_Charlotte_Gespraeche-ueber-Baeume_behne_lautwieleise_72dpi_352.jpg 1966w\" sizes=\"(max-width: 300px) 100vw, 300px\" \/>\n\t\t<div class=\"figc\">\n\t\t\t<div class=\"figc-inner\">\n\t\t\t\t\t\t\t\t\t\t\t\t\t<p class=\"description\">Werkgruppe Baumh\u00e4ute\nFoto: Matthias Behne<\/p>\n\t\t\t\t\t\t\t\t\t\t\t<\/div>\n\t\t<\/div>\n\n\t<\/div>\n\n<\/div><div class=\"modula-item effect-pufrobo\" data-width=\"2\" data-height=\"2\" >\n\t<div class=\"modula-item-overlay\"><\/div>\n\n\t<div class=\"modula-item-content\">\n\n\t\t\t\t\n\t\t\t\t\t<a data-image-id=\"485\" tabindex=\"0\" rel=\"jtg-507\" data-caption=\"Pappelhaut unterbrochen, Latex, Stahlrohr verchromt, 76x50x50 cm\nFoto: Matthias Behne\" aria-label=\"Open image in lightbox\" role=\"button\" class=\"tile-inner modula-item-link\"><\/a>\n\t\t\n\t\t<img class=\"pic wp-image-485 lazyload\"  data-valign=\"middle\" data-halign=\"center\" alt=\"\" data-full=\"https:\/\/www.charlotte-ehrt.de\/wp-content\/uploads\/2025\/01\/Ehrt_Charlotte_Gespraeche-ueber-Baeume_behne_lautwieleise_72dpi_308.jpg\" title=\"Ehrt_Charlotte_Gespraeche ueber Baeume_behne_lautwieleise_72dpi_308\" width=\"300\" height=\"200\" data-src=\"https:\/\/www.charlotte-ehrt.de\/wp-content\/uploads\/2025\/01\/Ehrt_Charlotte_Gespraeche-ueber-Baeume_behne_lautwieleise_72dpi_308-300x200.jpg\" data-caption=\"Pappelhaut unterbrochen, Latex, Stahlrohr verchromt, 76x50x50 cm\nFoto: Matthias Behne\" data-source=\"modula\" data-srcset=\"https:\/\/www.charlotte-ehrt.de\/wp-content\/uploads\/2025\/01\/Ehrt_Charlotte_Gespraeche-ueber-Baeume_behne_lautwieleise_72dpi_308.jpg 1966w, https:\/\/www.charlotte-ehrt.de\/wp-content\/uploads\/2025\/01\/Ehrt_Charlotte_Gespraeche-ueber-Baeume_behne_lautwieleise_72dpi_308-300x200.jpg 300w, https:\/\/www.charlotte-ehrt.de\/wp-content\/uploads\/2025\/01\/Ehrt_Charlotte_Gespraeche-ueber-Baeume_behne_lautwieleise_72dpi_308-1024x683.jpg 1024w, https:\/\/www.charlotte-ehrt.de\/wp-content\/uploads\/2025\/01\/Ehrt_Charlotte_Gespraeche-ueber-Baeume_behne_lautwieleise_72dpi_308-768x512.jpg 768w, https:\/\/www.charlotte-ehrt.de\/wp-content\/uploads\/2025\/01\/Ehrt_Charlotte_Gespraeche-ueber-Baeume_behne_lautwieleise_72dpi_308-1536x1024.jpg 1536w, https:\/\/www.charlotte-ehrt.de\/wp-content\/uploads\/2025\/01\/Ehrt_Charlotte_Gespraeche-ueber-Baeume_behne_lautwieleise_72dpi_308-144x96.jpg 144w\" data-sizes=\"(max-width: 300px) 100vw, 300px\" srcset=\"https:\/\/www.charlotte-ehrt.de\/wp-content\/uploads\/2025\/01\/Ehrt_Charlotte_Gespraeche-ueber-Baeume_behne_lautwieleise_72dpi_308-300x200.jpg 300w, https:\/\/www.charlotte-ehrt.de\/wp-content\/uploads\/2025\/01\/Ehrt_Charlotte_Gespraeche-ueber-Baeume_behne_lautwieleise_72dpi_308-1024x683.jpg 1024w, https:\/\/www.charlotte-ehrt.de\/wp-content\/uploads\/2025\/01\/Ehrt_Charlotte_Gespraeche-ueber-Baeume_behne_lautwieleise_72dpi_308-768x512.jpg 768w, https:\/\/www.charlotte-ehrt.de\/wp-content\/uploads\/2025\/01\/Ehrt_Charlotte_Gespraeche-ueber-Baeume_behne_lautwieleise_72dpi_308-1536x1024.jpg 1536w, https:\/\/www.charlotte-ehrt.de\/wp-content\/uploads\/2025\/01\/Ehrt_Charlotte_Gespraeche-ueber-Baeume_behne_lautwieleise_72dpi_308-144x96.jpg 144w, https:\/\/www.charlotte-ehrt.de\/wp-content\/uploads\/2025\/01\/Ehrt_Charlotte_Gespraeche-ueber-Baeume_behne_lautwieleise_72dpi_308.jpg 1966w\" sizes=\"(max-width: 300px) 100vw, 300px\" \/>\n\t\t<div class=\"figc\">\n\t\t\t<div class=\"figc-inner\">\n\t\t\t\t\t\t\t\t\t\t\t\t\t<p class=\"description\">Pappelhaut unterbrochen, Latex, Stahlrohr verchromt, 76x50x50 cm\nFoto: Matthias Behne<\/p>\n\t\t\t\t\t\t\t\t\t\t\t<\/div>\n\t\t<\/div>\n\n\t<\/div>\n\n<\/div><div class=\"modula-item effect-pufrobo\" data-width=\"2\" data-height=\"2\" >\n\t<div class=\"modula-item-overlay\"><\/div>\n\n\t<div class=\"modula-item-content\">\n\n\t\t\t\t\n\t\t\t\t\t<a data-image-id=\"481\" tabindex=\"0\" rel=\"jtg-507\" data-caption=\"Weidenhaut I, Latex, 131x85x5 cm, \nFoto: Matthias Behne\" aria-label=\"Open image in lightbox\" role=\"button\" class=\"tile-inner modula-item-link\"><\/a>\n\t\t\n\t\t<img class=\"pic wp-image-481 lazyload\"  data-valign=\"middle\" data-halign=\"center\" alt=\"\" data-full=\"https:\/\/www.charlotte-ehrt.de\/wp-content\/uploads\/2025\/01\/Ehrt_Charlotte_Weidenhaut1_behne_lautwieleise_72dpi_387.jpg\" title=\"Ehrt_Charlotte_Weidenhaut1_behne_lautwieleise_72dpi_387\" width=\"200\" height=\"300\" data-src=\"https:\/\/www.charlotte-ehrt.de\/wp-content\/uploads\/2025\/01\/Ehrt_Charlotte_Weidenhaut1_behne_lautwieleise_72dpi_387-200x300.jpg\" data-caption=\"Weidenhaut I, Latex, 131x85x5 cm, \nFoto: Matthias Behne\" data-source=\"modula\" data-srcset=\"https:\/\/www.charlotte-ehrt.de\/wp-content\/uploads\/2025\/01\/Ehrt_Charlotte_Weidenhaut1_behne_lautwieleise_72dpi_387.jpg 1311w, https:\/\/www.charlotte-ehrt.de\/wp-content\/uploads\/2025\/01\/Ehrt_Charlotte_Weidenhaut1_behne_lautwieleise_72dpi_387-200x300.jpg 200w, https:\/\/www.charlotte-ehrt.de\/wp-content\/uploads\/2025\/01\/Ehrt_Charlotte_Weidenhaut1_behne_lautwieleise_72dpi_387-683x1024.jpg 683w, https:\/\/www.charlotte-ehrt.de\/wp-content\/uploads\/2025\/01\/Ehrt_Charlotte_Weidenhaut1_behne_lautwieleise_72dpi_387-768x1152.jpg 768w, https:\/\/www.charlotte-ehrt.de\/wp-content\/uploads\/2025\/01\/Ehrt_Charlotte_Weidenhaut1_behne_lautwieleise_72dpi_387-1024x1536.jpg 1024w, https:\/\/www.charlotte-ehrt.de\/wp-content\/uploads\/2025\/01\/Ehrt_Charlotte_Weidenhaut1_behne_lautwieleise_72dpi_387-64x96.jpg 64w\" data-sizes=\"(max-width: 200px) 100vw, 200px\" srcset=\"https:\/\/www.charlotte-ehrt.de\/wp-content\/uploads\/2025\/01\/Ehrt_Charlotte_Weidenhaut1_behne_lautwieleise_72dpi_387-200x300.jpg 200w, https:\/\/www.charlotte-ehrt.de\/wp-content\/uploads\/2025\/01\/Ehrt_Charlotte_Weidenhaut1_behne_lautwieleise_72dpi_387-683x1024.jpg 683w, https:\/\/www.charlotte-ehrt.de\/wp-content\/uploads\/2025\/01\/Ehrt_Charlotte_Weidenhaut1_behne_lautwieleise_72dpi_387-768x1152.jpg 768w, https:\/\/www.charlotte-ehrt.de\/wp-content\/uploads\/2025\/01\/Ehrt_Charlotte_Weidenhaut1_behne_lautwieleise_72dpi_387-1024x1536.jpg 1024w, https:\/\/www.charlotte-ehrt.de\/wp-content\/uploads\/2025\/01\/Ehrt_Charlotte_Weidenhaut1_behne_lautwieleise_72dpi_387-64x96.jpg 64w, https:\/\/www.charlotte-ehrt.de\/wp-content\/uploads\/2025\/01\/Ehrt_Charlotte_Weidenhaut1_behne_lautwieleise_72dpi_387.jpg 1311w\" sizes=\"(max-width: 200px) 100vw, 200px\" \/>\n\t\t<div class=\"figc\">\n\t\t\t<div class=\"figc-inner\">\n\t\t\t\t\t\t\t\t\t\t\t\t\t<p class=\"description\">Weidenhaut I, Latex, 131x85x5 cm, \nFoto: Matthias Behne<\/p>\n\t\t\t\t\t\t\t\t\t\t\t<\/div>\n\t\t<\/div>\n\n\t<\/div>\n\n<\/div><div class=\"modula-item effect-pufrobo\" data-width=\"2\" data-height=\"2\" >\n\t<div class=\"modula-item-overlay\"><\/div>\n\n\t<div class=\"modula-item-content\">\n\n\t\t\t\t\n\t\t\t\t\t<a data-image-id=\"482\" tabindex=\"0\" rel=\"jtg-507\" data-caption=\"Weidenhaut II, Latex, 130x78x13 cm\nFoto: Matthias Behne\" aria-label=\"Open image in lightbox\" role=\"button\" class=\"tile-inner modula-item-link\"><\/a>\n\t\t\n\t\t<img class=\"pic wp-image-482 lazyload\"  data-valign=\"middle\" data-halign=\"center\" alt=\"\" data-full=\"https:\/\/www.charlotte-ehrt.de\/wp-content\/uploads\/2025\/01\/Ehrt_Charlotte_Weidenhaut2_behne_lautwieleise_72dpi_317.jpg\" title=\"Ehrt_Charlotte_Weidenhaut2_behne_lautwieleise_72dpi_317\" width=\"200\" height=\"300\" data-src=\"https:\/\/www.charlotte-ehrt.de\/wp-content\/uploads\/2025\/01\/Ehrt_Charlotte_Weidenhaut2_behne_lautwieleise_72dpi_317-200x300.jpg\" data-caption=\"Weidenhaut II, Latex, 130x78x13 cm\nFoto: Matthias Behne\" data-source=\"modula\" data-srcset=\"https:\/\/www.charlotte-ehrt.de\/wp-content\/uploads\/2025\/01\/Ehrt_Charlotte_Weidenhaut2_behne_lautwieleise_72dpi_317.jpg 1311w, https:\/\/www.charlotte-ehrt.de\/wp-content\/uploads\/2025\/01\/Ehrt_Charlotte_Weidenhaut2_behne_lautwieleise_72dpi_317-200x300.jpg 200w, https:\/\/www.charlotte-ehrt.de\/wp-content\/uploads\/2025\/01\/Ehrt_Charlotte_Weidenhaut2_behne_lautwieleise_72dpi_317-683x1024.jpg 683w, https:\/\/www.charlotte-ehrt.de\/wp-content\/uploads\/2025\/01\/Ehrt_Charlotte_Weidenhaut2_behne_lautwieleise_72dpi_317-768x1152.jpg 768w, https:\/\/www.charlotte-ehrt.de\/wp-content\/uploads\/2025\/01\/Ehrt_Charlotte_Weidenhaut2_behne_lautwieleise_72dpi_317-1024x1536.jpg 1024w, https:\/\/www.charlotte-ehrt.de\/wp-content\/uploads\/2025\/01\/Ehrt_Charlotte_Weidenhaut2_behne_lautwieleise_72dpi_317-64x96.jpg 64w\" data-sizes=\"(max-width: 200px) 100vw, 200px\" srcset=\"https:\/\/www.charlotte-ehrt.de\/wp-content\/uploads\/2025\/01\/Ehrt_Charlotte_Weidenhaut2_behne_lautwieleise_72dpi_317-200x300.jpg 200w, https:\/\/www.charlotte-ehrt.de\/wp-content\/uploads\/2025\/01\/Ehrt_Charlotte_Weidenhaut2_behne_lautwieleise_72dpi_317-683x1024.jpg 683w, https:\/\/www.charlotte-ehrt.de\/wp-content\/uploads\/2025\/01\/Ehrt_Charlotte_Weidenhaut2_behne_lautwieleise_72dpi_317-768x1152.jpg 768w, https:\/\/www.charlotte-ehrt.de\/wp-content\/uploads\/2025\/01\/Ehrt_Charlotte_Weidenhaut2_behne_lautwieleise_72dpi_317-1024x1536.jpg 1024w, https:\/\/www.charlotte-ehrt.de\/wp-content\/uploads\/2025\/01\/Ehrt_Charlotte_Weidenhaut2_behne_lautwieleise_72dpi_317-64x96.jpg 64w, https:\/\/www.charlotte-ehrt.de\/wp-content\/uploads\/2025\/01\/Ehrt_Charlotte_Weidenhaut2_behne_lautwieleise_72dpi_317.jpg 1311w\" sizes=\"(max-width: 200px) 100vw, 200px\" \/>\n\t\t<div class=\"figc\">\n\t\t\t<div class=\"figc-inner\">\n\t\t\t\t\t\t\t\t\t\t\t\t\t<p class=\"description\">Weidenhaut II, Latex, 130x78x13 cm\nFoto: Matthias Behne<\/p>\n\t\t\t\t\t\t\t\t\t\t\t<\/div>\n\t\t<\/div>\n\n\t<\/div>\n\n<\/div><div class=\"modula-item effect-pufrobo\" data-width=\"2\" data-height=\"2\" >\n\t<div class=\"modula-item-overlay\"><\/div>\n\n\t<div class=\"modula-item-content\">\n\n\t\t\t\t\n\t\t\t\t\t<a data-image-id=\"480\" tabindex=\"0\" rel=\"jtg-507\" data-caption=\"Werkgruppe Baumh\u00e4ute, Ausstellungsansicht in Galerie Paul Scherzer, 2024\nFoto: Matthias Behne\" aria-label=\"Open image in lightbox\" role=\"button\" class=\"tile-inner modula-item-link\"><\/a>\n\t\t\n\t\t<img class=\"pic wp-image-480 lazyload\"  data-valign=\"middle\" data-halign=\"center\" alt=\"\" data-full=\"https:\/\/www.charlotte-ehrt.de\/wp-content\/uploads\/2025\/01\/Ehrt_Charlotte_Gespraeche-ueber-Baeume_behne_lautwieleise_72dpi_131.jpg\" title=\"Ehrt_Charlotte_Gespraeche ueber Baeume_behne_lautwieleise_72dpi_131\" width=\"300\" height=\"200\" data-src=\"https:\/\/www.charlotte-ehrt.de\/wp-content\/uploads\/2025\/01\/Ehrt_Charlotte_Gespraeche-ueber-Baeume_behne_lautwieleise_72dpi_131-300x200.jpg\" data-caption=\"Werkgruppe Baumh\u00e4ute, Ausstellungsansicht in Galerie Paul Scherzer, 2024\nFoto: Matthias Behne\" data-source=\"modula\" data-srcset=\"https:\/\/www.charlotte-ehrt.de\/wp-content\/uploads\/2025\/01\/Ehrt_Charlotte_Gespraeche-ueber-Baeume_behne_lautwieleise_72dpi_131.jpg 1796w, https:\/\/www.charlotte-ehrt.de\/wp-content\/uploads\/2025\/01\/Ehrt_Charlotte_Gespraeche-ueber-Baeume_behne_lautwieleise_72dpi_131-300x200.jpg 300w, https:\/\/www.charlotte-ehrt.de\/wp-content\/uploads\/2025\/01\/Ehrt_Charlotte_Gespraeche-ueber-Baeume_behne_lautwieleise_72dpi_131-1024x683.jpg 1024w, https:\/\/www.charlotte-ehrt.de\/wp-content\/uploads\/2025\/01\/Ehrt_Charlotte_Gespraeche-ueber-Baeume_behne_lautwieleise_72dpi_131-768x512.jpg 768w, https:\/\/www.charlotte-ehrt.de\/wp-content\/uploads\/2025\/01\/Ehrt_Charlotte_Gespraeche-ueber-Baeume_behne_lautwieleise_72dpi_131-1536x1025.jpg 1536w, https:\/\/www.charlotte-ehrt.de\/wp-content\/uploads\/2025\/01\/Ehrt_Charlotte_Gespraeche-ueber-Baeume_behne_lautwieleise_72dpi_131-144x96.jpg 144w\" data-sizes=\"(max-width: 300px) 100vw, 300px\" srcset=\"https:\/\/www.charlotte-ehrt.de\/wp-content\/uploads\/2025\/01\/Ehrt_Charlotte_Gespraeche-ueber-Baeume_behne_lautwieleise_72dpi_131-300x200.jpg 300w, https:\/\/www.charlotte-ehrt.de\/wp-content\/uploads\/2025\/01\/Ehrt_Charlotte_Gespraeche-ueber-Baeume_behne_lautwieleise_72dpi_131-1024x683.jpg 1024w, https:\/\/www.charlotte-ehrt.de\/wp-content\/uploads\/2025\/01\/Ehrt_Charlotte_Gespraeche-ueber-Baeume_behne_lautwieleise_72dpi_131-768x512.jpg 768w, https:\/\/www.charlotte-ehrt.de\/wp-content\/uploads\/2025\/01\/Ehrt_Charlotte_Gespraeche-ueber-Baeume_behne_lautwieleise_72dpi_131-1536x1025.jpg 1536w, https:\/\/www.charlotte-ehrt.de\/wp-content\/uploads\/2025\/01\/Ehrt_Charlotte_Gespraeche-ueber-Baeume_behne_lautwieleise_72dpi_131-144x96.jpg 144w, https:\/\/www.charlotte-ehrt.de\/wp-content\/uploads\/2025\/01\/Ehrt_Charlotte_Gespraeche-ueber-Baeume_behne_lautwieleise_72dpi_131.jpg 1796w\" sizes=\"(max-width: 300px) 100vw, 300px\" \/>\n\t\t<div class=\"figc\">\n\t\t\t<div class=\"figc-inner\">\n\t\t\t\t\t\t\t\t\t\t\t\t\t<p class=\"description\">Werkgruppe Baumh\u00e4ute, Ausstellungsansicht in Galerie Paul Scherzer, 2024\nFoto: Matthias Behne<\/p>\n\t\t\t\t\t\t\t\t\t\t\t<\/div>\n\t\t<\/div>\n\n\t<\/div>\n\n<\/div><div class=\"modula-item effect-pufrobo\" data-width=\"2\" data-height=\"2\" >\n\t<div class=\"modula-item-overlay\"><\/div>\n\n\t<div class=\"modula-item-content\">\n\n\t\t\t\t\n\t\t\t\t\t<a data-image-id=\"478\" tabindex=\"0\" rel=\"jtg-507\" data-caption=\"Ausstellungsansicht, Galerie Paul Scherzer 2024\nFoto: Matthias Behne\" aria-label=\"Open image in lightbox\" role=\"button\" class=\"tile-inner modula-item-link\"><\/a>\n\t\t\n\t\t<img class=\"pic wp-image-478 lazyload\"  data-valign=\"middle\" data-halign=\"center\" alt=\"\" data-full=\"https:\/\/www.charlotte-ehrt.de\/wp-content\/uploads\/2025\/01\/Ehrt_Charlotte_Gespraeche-ueber-Baeume_behne_lautwieleise_72dpi_231.jpg\" title=\"Ehrt_Charlotte_Gespraeche ueber Baeume_behne_lautwieleise_72dpi_231\" width=\"300\" height=\"207\" data-src=\"https:\/\/www.charlotte-ehrt.de\/wp-content\/uploads\/2025\/01\/Ehrt_Charlotte_Gespraeche-ueber-Baeume_behne_lautwieleise_72dpi_231-300x207.jpg\" data-caption=\"Ausstellungsansicht, Galerie Paul Scherzer 2024\nFoto: Matthias Behne\" data-source=\"modula\" data-srcset=\"https:\/\/www.charlotte-ehrt.de\/wp-content\/uploads\/2025\/01\/Ehrt_Charlotte_Gespraeche-ueber-Baeume_behne_lautwieleise_72dpi_231.jpg 1744w, https:\/\/www.charlotte-ehrt.de\/wp-content\/uploads\/2025\/01\/Ehrt_Charlotte_Gespraeche-ueber-Baeume_behne_lautwieleise_72dpi_231-300x207.jpg 300w, https:\/\/www.charlotte-ehrt.de\/wp-content\/uploads\/2025\/01\/Ehrt_Charlotte_Gespraeche-ueber-Baeume_behne_lautwieleise_72dpi_231-1024x707.jpg 1024w, https:\/\/www.charlotte-ehrt.de\/wp-content\/uploads\/2025\/01\/Ehrt_Charlotte_Gespraeche-ueber-Baeume_behne_lautwieleise_72dpi_231-768x530.jpg 768w, https:\/\/www.charlotte-ehrt.de\/wp-content\/uploads\/2025\/01\/Ehrt_Charlotte_Gespraeche-ueber-Baeume_behne_lautwieleise_72dpi_231-1536x1060.jpg 1536w, https:\/\/www.charlotte-ehrt.de\/wp-content\/uploads\/2025\/01\/Ehrt_Charlotte_Gespraeche-ueber-Baeume_behne_lautwieleise_72dpi_231-139x96.jpg 139w\" data-sizes=\"(max-width: 300px) 100vw, 300px\" srcset=\"https:\/\/www.charlotte-ehrt.de\/wp-content\/uploads\/2025\/01\/Ehrt_Charlotte_Gespraeche-ueber-Baeume_behne_lautwieleise_72dpi_231-300x207.jpg 300w, https:\/\/www.charlotte-ehrt.de\/wp-content\/uploads\/2025\/01\/Ehrt_Charlotte_Gespraeche-ueber-Baeume_behne_lautwieleise_72dpi_231-1024x707.jpg 1024w, https:\/\/www.charlotte-ehrt.de\/wp-content\/uploads\/2025\/01\/Ehrt_Charlotte_Gespraeche-ueber-Baeume_behne_lautwieleise_72dpi_231-768x530.jpg 768w, https:\/\/www.charlotte-ehrt.de\/wp-content\/uploads\/2025\/01\/Ehrt_Charlotte_Gespraeche-ueber-Baeume_behne_lautwieleise_72dpi_231-1536x1060.jpg 1536w, https:\/\/www.charlotte-ehrt.de\/wp-content\/uploads\/2025\/01\/Ehrt_Charlotte_Gespraeche-ueber-Baeume_behne_lautwieleise_72dpi_231-139x96.jpg 139w, https:\/\/www.charlotte-ehrt.de\/wp-content\/uploads\/2025\/01\/Ehrt_Charlotte_Gespraeche-ueber-Baeume_behne_lautwieleise_72dpi_231.jpg 1744w\" sizes=\"(max-width: 300px) 100vw, 300px\" \/>\n\t\t<div class=\"figc\">\n\t\t\t<div class=\"figc-inner\">\n\t\t\t\t\t\t\t\t\t\t\t\t\t<p class=\"description\">Ausstellungsansicht, Galerie Paul Scherzer 2024\nFoto: Matthias Behne<\/p>\n\t\t\t\t\t\t\t\t\t\t\t<\/div>\n\t\t<\/div>\n\n\t<\/div>\n\n<\/div><div class=\"modula-item effect-pufrobo\" data-width=\"5\" data-height=\"3\" >\n\t<div class=\"modula-item-overlay\"><\/div>\n\n\t<div class=\"modula-item-content\">\n\n\t\t\t\t\n\t\t\t\t\t<a data-image-id=\"479\" tabindex=\"0\" rel=\"jtg-507\" data-caption=\"Baum muss wachsen, Wachs, 180x60x27 cm\nFoto: Matthias Behne\" aria-label=\"Open image in lightbox\" role=\"button\" class=\"tile-inner modula-item-link\"><\/a>\n\t\t\n\t\t<img class=\"pic wp-image-479 lazyload\"  data-valign=\"middle\" data-halign=\"center\" alt=\"\" data-full=\"https:\/\/www.charlotte-ehrt.de\/wp-content\/uploads\/2025\/01\/Ehrt_Charlotte_Baum.muss_.wachsen_behne_lautwieleise_72dpi_456.jpg\" title=\"Ehrt_Charlotte_Baum.muss.wachsen_behne_lautwieleise_72dpi_456\" width=\"300\" height=\"200\" data-src=\"https:\/\/www.charlotte-ehrt.de\/wp-content\/uploads\/2025\/01\/Ehrt_Charlotte_Baum.muss_.wachsen_behne_lautwieleise_72dpi_456-300x200.jpg\" data-caption=\"Baum muss wachsen, Wachs, 180x60x27 cm\nFoto: Matthias Behne\" data-source=\"modula\" data-srcset=\"https:\/\/www.charlotte-ehrt.de\/wp-content\/uploads\/2025\/01\/Ehrt_Charlotte_Baum.muss_.wachsen_behne_lautwieleise_72dpi_456.jpg 1966w, https:\/\/www.charlotte-ehrt.de\/wp-content\/uploads\/2025\/01\/Ehrt_Charlotte_Baum.muss_.wachsen_behne_lautwieleise_72dpi_456-300x200.jpg 300w, https:\/\/www.charlotte-ehrt.de\/wp-content\/uploads\/2025\/01\/Ehrt_Charlotte_Baum.muss_.wachsen_behne_lautwieleise_72dpi_456-1024x683.jpg 1024w, https:\/\/www.charlotte-ehrt.de\/wp-content\/uploads\/2025\/01\/Ehrt_Charlotte_Baum.muss_.wachsen_behne_lautwieleise_72dpi_456-768x512.jpg 768w, https:\/\/www.charlotte-ehrt.de\/wp-content\/uploads\/2025\/01\/Ehrt_Charlotte_Baum.muss_.wachsen_behne_lautwieleise_72dpi_456-1536x1024.jpg 1536w, https:\/\/www.charlotte-ehrt.de\/wp-content\/uploads\/2025\/01\/Ehrt_Charlotte_Baum.muss_.wachsen_behne_lautwieleise_72dpi_456-144x96.jpg 144w\" data-sizes=\"(max-width: 300px) 100vw, 300px\" srcset=\"https:\/\/www.charlotte-ehrt.de\/wp-content\/uploads\/2025\/01\/Ehrt_Charlotte_Baum.muss_.wachsen_behne_lautwieleise_72dpi_456-300x200.jpg 300w, https:\/\/www.charlotte-ehrt.de\/wp-content\/uploads\/2025\/01\/Ehrt_Charlotte_Baum.muss_.wachsen_behne_lautwieleise_72dpi_456-1024x683.jpg 1024w, https:\/\/www.charlotte-ehrt.de\/wp-content\/uploads\/2025\/01\/Ehrt_Charlotte_Baum.muss_.wachsen_behne_lautwieleise_72dpi_456-768x512.jpg 768w, https:\/\/www.charlotte-ehrt.de\/wp-content\/uploads\/2025\/01\/Ehrt_Charlotte_Baum.muss_.wachsen_behne_lautwieleise_72dpi_456-1536x1024.jpg 1536w, https:\/\/www.charlotte-ehrt.de\/wp-content\/uploads\/2025\/01\/Ehrt_Charlotte_Baum.muss_.wachsen_behne_lautwieleise_72dpi_456-144x96.jpg 144w, https:\/\/www.charlotte-ehrt.de\/wp-content\/uploads\/2025\/01\/Ehrt_Charlotte_Baum.muss_.wachsen_behne_lautwieleise_72dpi_456.jpg 1966w\" sizes=\"(max-width: 300px) 100vw, 300px\" \/>\n\t\t<div class=\"figc\">\n\t\t\t<div class=\"figc-inner\">\n\t\t\t\t\t\t\t\t\t\t\t\t\t<p class=\"description\">Baum muss wachsen, Wachs, 180x60x27 cm\nFoto: Matthias Behne<\/p>\n\t\t\t\t\t\t\t\t\t\t\t<\/div>\n\t\t<\/div>\n\n\t<\/div>\n\n<\/div><div class=\"modula-item effect-pufrobo\" data-width=\"5\" data-height=\"3\" >\n\t<div class=\"modula-item-overlay\"><\/div>\n\n\t<div class=\"modula-item-content\">\n\n\t\t\t\t\n\t\t\t\t\t<a data-image-id=\"477\" tabindex=\"0\" rel=\"jtg-507\" data-caption=\"Versandet, Gips und Sand, 240x160x4 cm\nFoto: Matthias Behne\" aria-label=\"Open image in lightbox\" role=\"button\" class=\"tile-inner modula-item-link\"><\/a>\n\t\t\n\t\t<img class=\"pic wp-image-477 lazyload\"  data-valign=\"middle\" data-halign=\"center\" alt=\"\" data-full=\"https:\/\/www.charlotte-ehrt.de\/wp-content\/uploads\/2025\/01\/Ehrt_Charlotte_Versandet_behne_lautwieleise_72dpi_427.jpg\" title=\"Ehrt_Charlotte_Versandet_behne_lautwieleise_72dpi_427\" width=\"300\" height=\"197\" data-src=\"https:\/\/www.charlotte-ehrt.de\/wp-content\/uploads\/2025\/01\/Ehrt_Charlotte_Versandet_behne_lautwieleise_72dpi_427-300x197.jpg\" data-caption=\"Versandet, Gips und Sand, 240x160x4 cm\nFoto: Matthias Behne\" data-source=\"modula\" data-srcset=\"https:\/\/www.charlotte-ehrt.de\/wp-content\/uploads\/2025\/01\/Ehrt_Charlotte_Versandet_behne_lautwieleise_72dpi_427.jpg 1688w, https:\/\/www.charlotte-ehrt.de\/wp-content\/uploads\/2025\/01\/Ehrt_Charlotte_Versandet_behne_lautwieleise_72dpi_427-300x197.jpg 300w, https:\/\/www.charlotte-ehrt.de\/wp-content\/uploads\/2025\/01\/Ehrt_Charlotte_Versandet_behne_lautwieleise_72dpi_427-1024x672.jpg 1024w, https:\/\/www.charlotte-ehrt.de\/wp-content\/uploads\/2025\/01\/Ehrt_Charlotte_Versandet_behne_lautwieleise_72dpi_427-768x504.jpg 768w, https:\/\/www.charlotte-ehrt.de\/wp-content\/uploads\/2025\/01\/Ehrt_Charlotte_Versandet_behne_lautwieleise_72dpi_427-1536x1007.jpg 1536w, https:\/\/www.charlotte-ehrt.de\/wp-content\/uploads\/2025\/01\/Ehrt_Charlotte_Versandet_behne_lautwieleise_72dpi_427-146x96.jpg 146w\" data-sizes=\"(max-width: 300px) 100vw, 300px\" srcset=\"https:\/\/www.charlotte-ehrt.de\/wp-content\/uploads\/2025\/01\/Ehrt_Charlotte_Versandet_behne_lautwieleise_72dpi_427-300x197.jpg 300w, https:\/\/www.charlotte-ehrt.de\/wp-content\/uploads\/2025\/01\/Ehrt_Charlotte_Versandet_behne_lautwieleise_72dpi_427-1024x672.jpg 1024w, https:\/\/www.charlotte-ehrt.de\/wp-content\/uploads\/2025\/01\/Ehrt_Charlotte_Versandet_behne_lautwieleise_72dpi_427-768x504.jpg 768w, https:\/\/www.charlotte-ehrt.de\/wp-content\/uploads\/2025\/01\/Ehrt_Charlotte_Versandet_behne_lautwieleise_72dpi_427-1536x1007.jpg 1536w, https:\/\/www.charlotte-ehrt.de\/wp-content\/uploads\/2025\/01\/Ehrt_Charlotte_Versandet_behne_lautwieleise_72dpi_427-146x96.jpg 146w, https:\/\/www.charlotte-ehrt.de\/wp-content\/uploads\/2025\/01\/Ehrt_Charlotte_Versandet_behne_lautwieleise_72dpi_427.jpg 1688w\" sizes=\"(max-width: 300px) 100vw, 300px\" \/>\n\t\t<div class=\"figc\">\n\t\t\t<div class=\"figc-inner\">\n\t\t\t\t\t\t\t\t\t\t\t\t\t<p class=\"description\">Versandet, Gips und Sand, 240x160x4 cm\nFoto: Matthias Behne<\/p>\n\t\t\t\t\t\t\t\t\t\t\t<\/div>\n\t\t<\/div>\n\n\t<\/div>\n\n<\/div>\t\t\n\t<\/div>\n\n\t\n\t\n\t<script type=\"application\/ld+json\">\n\t{\n\t\t\"@context\": \"http:\/\/schema.org\",\n\t\t\"@type\"   : \"ImageGallery\",\n\t\t\"id\"      : \"https:\/\/www.charlotte-ehrt.de\/de_DE\/objekt-und-installation\/\",\n\t\t\"url\"     : \"https:\/\/www.charlotte-ehrt.de\/de_DE\/objekt-und-installation\/\"\n\t}\n\n\t<\/script>\n\n\t\n<\/div>\n\n\n<p>B\u00e4ume begreife ich als Akteure in unserem Umraum, die einen K\u00f6rper und ein Gesicht besitzen. Ihre Oberfl\u00e4che ist die Rinde, die Haut und Kontaktfl\u00e4che auf Augenh\u00f6he. Ihre Textur ist zum Teil Veranlagung, aber auch Einschreibung individuellen Gewordenseins. Sie erz\u00e4hlen ihre Geschichte unmittelbar durch ihre Wuchsform und ihre Verwachsungen. In der Abformung mit Latex werden all diese Feinheiten und sich \u00fcberlagernden Zeitebenen aufgenommen. Flechten, Moose und die \u00e4u\u00dferste Rindenschicht, die zugleich die \u00c4lteste ist, werden abgenommen und in der Negativform konserviert.<\/p>\n\n\n\n<p>Im Ausstellungskontext verweist die Singularit\u00e4t der Objekte auf einen Verlust, eine Leerstelle, die von Betrachtenden (K\u00f6rpern) ausgef\u00fcllt, aber nicht beantwortet werden kann. Die Abwesenheit des Menschlichen (K\u00f6rpers) stellt die Frage, ob und wie eine Verbindung mit der Natur entsteht. Die Baumh\u00e4ute entziehen sich auf ambivalente Weise dem Gedanken nach Gebrauchswert in der Beziehung zwischen Mensch und Baum.<\/p>\n","protected":false},"excerpt":{"rendered":"<p><strong>Gespr\u00e4che \u00fcber B\u00e4ume<\/strong><\/p>\n<p><span style=\"color: #000000;\"><span style=\"font-family: Times New Roman, serif;\"><span style=\"font-size: medium;\"><span style=\"font-family: EB Garamond, serif;\"><span lang=\"de-DE\">Diplom Kunstp\u00e4dagogik,&#8230;<\/p>\n","protected":false},"author":2,"featured_media":449,"comment_status":"closed","ping_status":"open","sticky":false,"template":"","format":"standard","meta":{"footnotes":""},"categories":[4,17,40],"tags":[64,36,58,57,63,14,61,60,59,56,62,65],"class_list":["post-448","post","type-post","status-publish","format-standard","has-post-thumbnail","hentry","category-public","category-social","category-kunst","tag-art-exhibition","tag-art-installation","tag-ausstellungsraum","tag-bildende-kunst","tag-diplomausstellung","tag-installation","tag-kunstvermittlung","tag-material","tag-naturbegriff","tag-plastik","tag-rauminstallation","tag-sculpture"],"_links":{"self":[{"href":"https:\/\/www.charlotte-ehrt.de\/de_DE\/wp-json\/wp\/v2\/posts\/448","targetHints":{"allow":["GET"]}}],"collection":[{"href":"https:\/\/www.charlotte-ehrt.de\/de_DE\/wp-json\/wp\/v2\/posts"}],"about":[{"href":"https:\/\/www.charlotte-ehrt.de\/de_DE\/wp-json\/wp\/v2\/types\/post"}],"author":[{"embeddable":true,"href":"https:\/\/www.charlotte-ehrt.de\/de_DE\/wp-json\/wp\/v2\/users\/2"}],"replies":[{"embeddable":true,"href":"https:\/\/www.charlotte-ehrt.de\/de_DE\/wp-json\/wp\/v2\/comments?post=448"}],"version-history":[{"count":18,"href":"https:\/\/www.charlotte-ehrt.de\/de_DE\/wp-json\/wp\/v2\/posts\/448\/revisions"}],"predecessor-version":[{"id":718,"href":"https:\/\/www.charlotte-ehrt.de\/de_DE\/wp-json\/wp\/v2\/posts\/448\/revisions\/718"}],"wp:featuredmedia":[{"embeddable":true,"href":"https:\/\/www.charlotte-ehrt.de\/de_DE\/wp-json\/wp\/v2\/media\/449"}],"wp:attachment":[{"href":"https:\/\/www.charlotte-ehrt.de\/de_DE\/wp-json\/wp\/v2\/media?parent=448"}],"wp:term":[{"taxonomy":"category","embeddable":true,"href":"https:\/\/www.charlotte-ehrt.de\/de_DE\/wp-json\/wp\/v2\/categories?post=448"},{"taxonomy":"post_tag","embeddable":true,"href":"https:\/\/www.charlotte-ehrt.de\/de_DE\/wp-json\/wp\/v2\/tags?post=448"}],"curies":[{"name":"wp","href":"https:\/\/api.w.org\/{rel}","templated":true}]}}